{"id":11541,"date":"2019-08-10T12:58:23","date_gmt":"2019-08-10T12:58:23","guid":{"rendered":"https:\/\/www.horseholidaysfrance.com\/?p=11541"},"modified":"2023-07-27T14:08:55","modified_gmt":"2023-07-27T14:08:55","slug":"equirando-2","status":"publish","type":"post","link":"https:\/\/www.horseholidaysfrance.com\/en\/equirando-2\/","title":{"rendered":"Equirando 2019 dans les Yvelines"},"content":{"rendered":"<section  class='av_textblock_section av-k3qy9pld-860ea5629d5aba935430f2f7fa0806b0 '   itemscope=\"itemscope\" itemtype=\"https:\/\/schema.org\/BlogPosting\" itemprop=\"blogPost\" ><div class='avia_textblock'  itemprop=\"text\" ><h1>Equirando<\/h1>\n<p><strong><img loading=\"lazy\" decoding=\"async\" class=\"alignnone wp-image-11542 size-full\" src=\"https:\/\/www.horseholidaysfrance.com\/wp-content\/uploads\/2019\/12\/Equipe-ML.jpg\" alt=\"\" width=\"960\" height=\"720\" srcset=\"https:\/\/www.horseholidaysfrance.com\/wp-content\/uploads\/2019\/12\/Equipe-ML.jpg 960w, https:\/\/www.horseholidaysfrance.com\/wp-content\/uploads\/2019\/12\/Equipe-ML-500x375.jpg 500w, https:\/\/www.horseholidaysfrance.com\/wp-content\/uploads\/2019\/12\/Equipe-ML-768x576.jpg 768w, https:\/\/www.horseholidaysfrance.com\/wp-content\/uploads\/2019\/12\/Equipe-ML-705x529.jpg 705w, https:\/\/www.horseholidaysfrance.com\/wp-content\/uploads\/2019\/12\/Equipe-ML-450x338.jpg 450w\" sizes=\"auto, (max-width: 960px) 100vw, 960px\" \/><\/strong><\/p>\n<div class=\"_63eu _63ev\">\n<div class=\"_63ew\" data-testid=\"event-permalink-details\"><b>L&#8217;Equirando tient son nom de la contraction d'&#8221;\u00e9quitation&#8221; et de &#8220;randonn\u00e9e&#8221;.\u00a0 Avec environ 1000 participants venant de toute la France et de l&#8217;\u00e9tranger chaque ann\u00e9e, il est le plus grand rassemblement europ\u00e9en de cavaliers et de meneurs pratiquant l&#8217;\u00e9quitation de pleine nature.<\/b><\/div>\n<div data-testid=\"event-permalink-details\">\n<p>Cet \u00e9v\u00e9nement est organis\u00e9 par la F\u00e9d\u00e9ration Fran\u00e7aise d&#8217;Equitation tous les deux ans, toujours dans une r\u00e9gion diff\u00e9rente pour permettre aux participants de d\u00e9couvrir la gastronomie local, le patrimoine,\u00a0 la culture et les paysages. Les \u00e9quirandins effectuent une randonn\u00e9e d&#8217;approche de minimum 100 km certains pendant quelques jours, d&#8217;autres pendant\u00a0 plusieurs semaines, voire plusieurs mois, pour retrouver ce rassemblement festif qui met l\u2019\u00e9quitation de pleine nature et les r\u00e9gions fran\u00e7aises \u00e0 l\u2019honneur. Avec un cheval, une mule ou un \u00e2ne, mont\u00e9 ou attel\u00e9, chacun rejoint \u00e0 son rythme le lieu de la f\u00eate, qui change \u00e0 chaque \u00e9dition.<\/p>\n<p>L&#8217;\u00e9t\u00e9 2019 nous avons eu le plaisir de recevoir l\u2019Equirando dans les Yvelines en Ile de France. Une \u00e9quipe de 9 cavaliers et 7 chevaux est partie de Maisons-Laffitte avec Horse Holidays France. Il s&#8217;agissait d&#8217;une \u00e9quipe tr\u00e8s internationale avec des cavaliers de Russie, Chine, Ecosse, Irlande, Allemagne, Angleterre, Su\u00e8de et France.<\/p>\n<\/div>\n<p>Nous sommes partis de Maisons-Laffitte pour rejoindre le Haras des Breviaires, proche de Rambouillet en passant par les for\u00eats de Saint-Germain et de Marly, les plaines de Versailles, Montfort l&#8217;Amaury, la for\u00eat de Rambouillet,&#8230; pour ensuite passer trois journ\u00e9es festives en compagnie d&#8217;autres randonneurs et \u00e9quid\u00e9s de tout horizon.<\/p>\n<\/div>\n<p>Bravo \u00e0 notre \u00e9quipe tr\u00e8s sportive et toujours de bonne humeur !<\/p>\n<\/div><\/section>\n","protected":false},"excerpt":{"rendered":"","protected":false},"author":2,"featured_media":11548,"comment_status":"closed","ping_status":"closed","sticky":false,"template":"","format":"standard","meta":{"_acf_changed":false,"footnotes":""},"categories":[192],"tags":[],"class_list":["post-11541","post","type-post","status-publish","format-standard","has-post-thumbnail","hentry","category-actualites-fr"],"acf":[],"yoast_head":"<!-- This site is optimized with the Yoast SEO plugin v27.4 - https:\/\/yoast.com\/product\/yoast-seo-wordpress\/ -->\n<title>Equirando 2019 dans les Yvelines | Horse Holidays France<\/title>\n<meta name=\"description\" content=\"Samedi 14 janvier 2017, venez d\u00e9couvrir en cal\u00e8che, les secrets de l\u2019histoire de Maisons-Laffitte. Suivez la trace de Voltaire, Hemingway et Cocteau. Apprenez l\u2019histoire surprenante de l\u2019hippodrome de Maisons-Laffitte, de son ch\u00e2teau et de ses belles villas !\" \/>\n<meta name=\"robots\" content=\"index, follow, max-snippet:-1, max-image-preview:large, max-video-preview:-1\" \/>\n<link rel=\"canonical\" href=\"https:\/\/www.horseholidaysfrance.com\/equirando-2\/\" \/>\n<meta property=\"og:locale\" content=\"en_US\" \/>\n<meta property=\"og:type\" content=\"article\" \/>\n<meta property=\"og:title\" content=\"Equirando 2019 dans les Yvelines | Horse Holidays France\" \/>\n<meta property=\"og:description\" content=\"Samedi 14 janvier 2017, venez d\u00e9couvrir en cal\u00e8che, les secrets de l\u2019histoire de Maisons-Laffitte. Suivez la trace de Voltaire, Hemingway et Cocteau. Apprenez l\u2019histoire surprenante de l\u2019hippodrome de Maisons-Laffitte, de son ch\u00e2teau et de ses belles villas !\" \/>\n<meta property=\"og:url\" content=\"https:\/\/www.horseholidaysfrance.com\/equirando-2\/\" \/>\n<meta property=\"og:site_name\" content=\"Horse Holidays Createur de sejours equestres sur mesure\" \/>\n<meta property=\"article:publisher\" content=\"https:\/\/www.facebook.com\/horse.fr\/\" \/>\n<meta property=\"article:published_time\" content=\"2019-08-10T12:58:23+00:00\" \/>\n<meta property=\"article:modified_time\" content=\"2023-07-27T14:08:55+00:00\" \/>\n<meta property=\"og:image\" content=\"https:\/\/www.horseholidaysfrance.com\/wp-content\/uploads\/2019\/08\/Equirando-2019-couleur.png\" \/>\n\t<meta property=\"og:image:width\" content=\"625\" \/>\n\t<meta property=\"og:image:height\" content=\"352\" \/>\n\t<meta property=\"og:image:type\" content=\"image\/png\" \/>\n<meta name=\"author\" content=\"ANNA GEIST\" \/>\n<meta name=\"twitter:card\" content=\"summary_large_image\" \/>\n<meta name=\"twitter:label1\" content=\"Written by\" \/>\n\t<meta name=\"twitter:data1\" content=\"ANNA GEIST\" \/>\n\t<meta name=\"twitter:label2\" content=\"Est. reading time\" \/>\n\t<meta name=\"twitter:data2\" content=\"2 minutes\" \/>\n<script type=\"application\/ld+json\" class=\"yoast-schema-graph\">{\"@context\":\"https:\\\/\\\/schema.org\",\"@graph\":[{\"@type\":\"Article\",\"@id\":\"https:\\\/\\\/www.horseholidaysfrance.com\\\/equirando-2\\\/#article\",\"isPartOf\":{\"@id\":\"https:\\\/\\\/www.horseholidaysfrance.com\\\/equirando-2\\\/\"},\"author\":{\"name\":\"ANNA GEIST\",\"@id\":\"https:\\\/\\\/www.horseholidaysfrance.com\\\/#\\\/schema\\\/person\\\/f6e9c676b875b96f02bae3d938fd57a2\"},\"headline\":\"Equirando 2019 dans les Yvelines\",\"datePublished\":\"2019-08-10T12:58:23+00:00\",\"dateModified\":\"2023-07-27T14:08:55+00:00\",\"mainEntityOfPage\":{\"@id\":\"https:\\\/\\\/www.horseholidaysfrance.com\\\/equirando-2\\\/\"},\"wordCount\":302,\"publisher\":{\"@id\":\"https:\\\/\\\/www.horseholidaysfrance.com\\\/#organization\"},\"image\":{\"@id\":\"https:\\\/\\\/www.horseholidaysfrance.com\\\/equirando-2\\\/#primaryimage\"},\"thumbnailUrl\":\"https:\\\/\\\/www.horseholidaysfrance.com\\\/wp-content\\\/uploads\\\/2019\\\/08\\\/Equirando-2019-couleur.png\",\"articleSection\":[\"Actualit\u00e9s\"],\"inLanguage\":\"en-US\"},{\"@type\":\"WebPage\",\"@id\":\"https:\\\/\\\/www.horseholidaysfrance.com\\\/equirando-2\\\/\",\"url\":\"https:\\\/\\\/www.horseholidaysfrance.com\\\/equirando-2\\\/\",\"name\":\"Equirando 2019 dans les Yvelines | Horse Holidays France\",\"isPartOf\":{\"@id\":\"https:\\\/\\\/www.horseholidaysfrance.com\\\/#website\"},\"primaryImageOfPage\":{\"@id\":\"https:\\\/\\\/www.horseholidaysfrance.com\\\/equirando-2\\\/#primaryimage\"},\"image\":{\"@id\":\"https:\\\/\\\/www.horseholidaysfrance.com\\\/equirando-2\\\/#primaryimage\"},\"thumbnailUrl\":\"https:\\\/\\\/www.horseholidaysfrance.com\\\/wp-content\\\/uploads\\\/2019\\\/08\\\/Equirando-2019-couleur.png\",\"datePublished\":\"2019-08-10T12:58:23+00:00\",\"dateModified\":\"2023-07-27T14:08:55+00:00\",\"description\":\"Samedi 14 janvier 2017, venez d\u00e9couvrir en cal\u00e8che, les secrets de l\u2019histoire de Maisons-Laffitte. Suivez la trace de Voltaire, Hemingway et Cocteau. Apprenez l\u2019histoire surprenante de l\u2019hippodrome de Maisons-Laffitte, de son ch\u00e2teau et de ses belles villas !\",\"breadcrumb\":{\"@id\":\"https:\\\/\\\/www.horseholidaysfrance.com\\\/equirando-2\\\/#breadcrumb\"},\"inLanguage\":\"en-US\",\"potentialAction\":[{\"@type\":\"ReadAction\",\"target\":[\"https:\\\/\\\/www.horseholidaysfrance.com\\\/equirando-2\\\/\"]}]},{\"@type\":\"ImageObject\",\"inLanguage\":\"en-US\",\"@id\":\"https:\\\/\\\/www.horseholidaysfrance.com\\\/equirando-2\\\/#primaryimage\",\"url\":\"https:\\\/\\\/www.horseholidaysfrance.com\\\/wp-content\\\/uploads\\\/2019\\\/08\\\/Equirando-2019-couleur.png\",\"contentUrl\":\"https:\\\/\\\/www.horseholidaysfrance.com\\\/wp-content\\\/uploads\\\/2019\\\/08\\\/Equirando-2019-couleur.png\",\"width\":625,\"height\":352},{\"@type\":\"BreadcrumbList\",\"@id\":\"https:\\\/\\\/www.horseholidaysfrance.com\\\/equirando-2\\\/#breadcrumb\",\"itemListElement\":[{\"@type\":\"ListItem\",\"position\":1,\"name\":\"Accueil\",\"item\":\"https:\\\/\\\/www.horseholidaysfrance.com\\\/en\\\/home-2-2-2\\\/\"},{\"@type\":\"ListItem\",\"position\":2,\"name\":\"Equirando 2019 dans les Yvelines\"}]},{\"@type\":\"WebSite\",\"@id\":\"https:\\\/\\\/www.horseholidaysfrance.com\\\/#website\",\"url\":\"https:\\\/\\\/www.horseholidaysfrance.com\\\/\",\"name\":\"Horse Holidays Createur de sejours equestres sur mesure\",\"description\":\"Cr\u00e9ateur de s\u00e9jours \u00e9questres sur mesure\",\"publisher\":{\"@id\":\"https:\\\/\\\/www.horseholidaysfrance.com\\\/#organization\"},\"potentialAction\":[{\"@type\":\"SearchAction\",\"target\":{\"@type\":\"EntryPoint\",\"urlTemplate\":\"https:\\\/\\\/www.horseholidaysfrance.com\\\/?s={search_term_string}\"},\"query-input\":{\"@type\":\"PropertyValueSpecification\",\"valueRequired\":true,\"valueName\":\"search_term_string\"}}],\"inLanguage\":\"en-US\"},{\"@type\":\"Organization\",\"@id\":\"https:\\\/\\\/www.horseholidaysfrance.com\\\/#organization\",\"name\":\"Horse Holidays France\",\"url\":\"https:\\\/\\\/www.horseholidaysfrance.com\\\/\",\"logo\":{\"@type\":\"ImageObject\",\"inLanguage\":\"en-US\",\"@id\":\"https:\\\/\\\/www.horseholidaysfrance.com\\\/#\\\/schema\\\/logo\\\/image\\\/\",\"url\":\"https:\\\/\\\/www.horseholidaysfrance.com\\\/wp-content\\\/uploads\\\/2017\\\/01\\\/HHF-loga-fr.jpg\",\"contentUrl\":\"https:\\\/\\\/www.horseholidaysfrance.com\\\/wp-content\\\/uploads\\\/2017\\\/01\\\/HHF-loga-fr.jpg\",\"width\":524,\"height\":183,\"caption\":\"Horse Holidays France\"},\"image\":{\"@id\":\"https:\\\/\\\/www.horseholidaysfrance.com\\\/#\\\/schema\\\/logo\\\/image\\\/\"},\"sameAs\":[\"https:\\\/\\\/www.facebook.com\\\/horse.fr\\\/\",\"https:\\\/\\\/www.linkedin.com\\\/company\\\/horse-holidays-france?report_success=6vo3TCkCS1-Q3MQSXyAa5EmbyooXt_JHF4gI-SlS5O9Glwt8CaN1ZzdSFMOjqCEC4tgoZJl1pOO90MRDlW9NQp\"]},{\"@type\":\"Person\",\"@id\":\"https:\\\/\\\/www.horseholidaysfrance.com\\\/#\\\/schema\\\/person\\\/f6e9c676b875b96f02bae3d938fd57a2\",\"name\":\"ANNA GEIST\",\"image\":{\"@type\":\"ImageObject\",\"inLanguage\":\"en-US\",\"@id\":\"https:\\\/\\\/secure.gravatar.com\\\/avatar\\\/11b61a873982005b71877e8f66152759b5fdec2963abfad14c0e740b938ac0c9?s=96&d=mm&r=g\",\"url\":\"https:\\\/\\\/secure.gravatar.com\\\/avatar\\\/11b61a873982005b71877e8f66152759b5fdec2963abfad14c0e740b938ac0c9?s=96&d=mm&r=g\",\"contentUrl\":\"https:\\\/\\\/secure.gravatar.com\\\/avatar\\\/11b61a873982005b71877e8f66152759b5fdec2963abfad14c0e740b938ac0c9?s=96&d=mm&r=g\",\"caption\":\"ANNA GEIST\"},\"sameAs\":[\"http:\\\/\\\/horseholidaysfrance.com\"]}]}<\/script>\n<!-- \/ Yoast SEO plugin. -->","yoast_head_json":{"title":"Equirando 2019 dans les Yvelines | Horse Holidays France","description":"Samedi 14 janvier 2017, venez d\u00e9couvrir en cal\u00e8che, les secrets de l\u2019histoire de Maisons-Laffitte. Suivez la trace de Voltaire, Hemingway et Cocteau. Apprenez l\u2019histoire surprenante de l\u2019hippodrome de Maisons-Laffitte, de son ch\u00e2teau et de ses belles villas !","robots":{"index":"index","follow":"follow","max-snippet":"max-snippet:-1","max-image-preview":"max-image-preview:large","max-video-preview":"max-video-preview:-1"},"canonical":"https:\/\/www.horseholidaysfrance.com\/equirando-2\/","og_locale":"en_US","og_type":"article","og_title":"Equirando 2019 dans les Yvelines | Horse Holidays France","og_description":"Samedi 14 janvier 2017, venez d\u00e9couvrir en cal\u00e8che, les secrets de l\u2019histoire de Maisons-Laffitte. Suivez la trace de Voltaire, Hemingway et Cocteau. Apprenez l\u2019histoire surprenante de l\u2019hippodrome de Maisons-Laffitte, de son ch\u00e2teau et de ses belles villas !","og_url":"https:\/\/www.horseholidaysfrance.com\/equirando-2\/","og_site_name":"Horse Holidays Createur de sejours equestres sur mesure","article_publisher":"https:\/\/www.facebook.com\/horse.fr\/","article_published_time":"2019-08-10T12:58:23+00:00","article_modified_time":"2023-07-27T14:08:55+00:00","og_image":[{"width":625,"height":352,"url":"https:\/\/www.horseholidaysfrance.com\/wp-content\/uploads\/2019\/08\/Equirando-2019-couleur.png","type":"image\/png"}],"author":"ANNA GEIST","twitter_card":"summary_large_image","twitter_misc":{"Written by":"ANNA GEIST","Est. reading time":"2 minutes"},"schema":{"@context":"https:\/\/schema.org","@graph":[{"@type":"Article","@id":"https:\/\/www.horseholidaysfrance.com\/equirando-2\/#article","isPartOf":{"@id":"https:\/\/www.horseholidaysfrance.com\/equirando-2\/"},"author":{"name":"ANNA GEIST","@id":"https:\/\/www.horseholidaysfrance.com\/#\/schema\/person\/f6e9c676b875b96f02bae3d938fd57a2"},"headline":"Equirando 2019 dans les Yvelines","datePublished":"2019-08-10T12:58:23+00:00","dateModified":"2023-07-27T14:08:55+00:00","mainEntityOfPage":{"@id":"https:\/\/www.horseholidaysfrance.com\/equirando-2\/"},"wordCount":302,"publisher":{"@id":"https:\/\/www.horseholidaysfrance.com\/#organization"},"image":{"@id":"https:\/\/www.horseholidaysfrance.com\/equirando-2\/#primaryimage"},"thumbnailUrl":"https:\/\/www.horseholidaysfrance.com\/wp-content\/uploads\/2019\/08\/Equirando-2019-couleur.png","articleSection":["Actualit\u00e9s"],"inLanguage":"en-US"},{"@type":"WebPage","@id":"https:\/\/www.horseholidaysfrance.com\/equirando-2\/","url":"https:\/\/www.horseholidaysfrance.com\/equirando-2\/","name":"Equirando 2019 dans les Yvelines | Horse Holidays France","isPartOf":{"@id":"https:\/\/www.horseholidaysfrance.com\/#website"},"primaryImageOfPage":{"@id":"https:\/\/www.horseholidaysfrance.com\/equirando-2\/#primaryimage"},"image":{"@id":"https:\/\/www.horseholidaysfrance.com\/equirando-2\/#primaryimage"},"thumbnailUrl":"https:\/\/www.horseholidaysfrance.com\/wp-content\/uploads\/2019\/08\/Equirando-2019-couleur.png","datePublished":"2019-08-10T12:58:23+00:00","dateModified":"2023-07-27T14:08:55+00:00","description":"Samedi 14 janvier 2017, venez d\u00e9couvrir en cal\u00e8che, les secrets de l\u2019histoire de Maisons-Laffitte. Suivez la trace de Voltaire, Hemingway et Cocteau. Apprenez l\u2019histoire surprenante de l\u2019hippodrome de Maisons-Laffitte, de son ch\u00e2teau et de ses belles villas !","breadcrumb":{"@id":"https:\/\/www.horseholidaysfrance.com\/equirando-2\/#breadcrumb"},"inLanguage":"en-US","potentialAction":[{"@type":"ReadAction","target":["https:\/\/www.horseholidaysfrance.com\/equirando-2\/"]}]},{"@type":"ImageObject","inLanguage":"en-US","@id":"https:\/\/www.horseholidaysfrance.com\/equirando-2\/#primaryimage","url":"https:\/\/www.horseholidaysfrance.com\/wp-content\/uploads\/2019\/08\/Equirando-2019-couleur.png","contentUrl":"https:\/\/www.horseholidaysfrance.com\/wp-content\/uploads\/2019\/08\/Equirando-2019-couleur.png","width":625,"height":352},{"@type":"BreadcrumbList","@id":"https:\/\/www.horseholidaysfrance.com\/equirando-2\/#breadcrumb","itemListElement":[{"@type":"ListItem","position":1,"name":"Accueil","item":"https:\/\/www.horseholidaysfrance.com\/en\/home-2-2-2\/"},{"@type":"ListItem","position":2,"name":"Equirando 2019 dans les Yvelines"}]},{"@type":"WebSite","@id":"https:\/\/www.horseholidaysfrance.com\/#website","url":"https:\/\/www.horseholidaysfrance.com\/","name":"Horse Holidays Createur de sejours equestres sur mesure","description":"Cr\u00e9ateur de s\u00e9jours \u00e9questres sur mesure","publisher":{"@id":"https:\/\/www.horseholidaysfrance.com\/#organization"},"potentialAction":[{"@type":"SearchAction","target":{"@type":"EntryPoint","urlTemplate":"https:\/\/www.horseholidaysfrance.com\/?s={search_term_string}"},"query-input":{"@type":"PropertyValueSpecification","valueRequired":true,"valueName":"search_term_string"}}],"inLanguage":"en-US"},{"@type":"Organization","@id":"https:\/\/www.horseholidaysfrance.com\/#organization","name":"Horse Holidays France","url":"https:\/\/www.horseholidaysfrance.com\/","logo":{"@type":"ImageObject","inLanguage":"en-US","@id":"https:\/\/www.horseholidaysfrance.com\/#\/schema\/logo\/image\/","url":"https:\/\/www.horseholidaysfrance.com\/wp-content\/uploads\/2017\/01\/HHF-loga-fr.jpg","contentUrl":"https:\/\/www.horseholidaysfrance.com\/wp-content\/uploads\/2017\/01\/HHF-loga-fr.jpg","width":524,"height":183,"caption":"Horse Holidays France"},"image":{"@id":"https:\/\/www.horseholidaysfrance.com\/#\/schema\/logo\/image\/"},"sameAs":["https:\/\/www.facebook.com\/horse.fr\/","https:\/\/www.linkedin.com\/company\/horse-holidays-france?report_success=6vo3TCkCS1-Q3MQSXyAa5EmbyooXt_JHF4gI-SlS5O9Glwt8CaN1ZzdSFMOjqCEC4tgoZJl1pOO90MRDlW9NQp"]},{"@type":"Person","@id":"https:\/\/www.horseholidaysfrance.com\/#\/schema\/person\/f6e9c676b875b96f02bae3d938fd57a2","name":"ANNA GEIST","image":{"@type":"ImageObject","inLanguage":"en-US","@id":"https:\/\/secure.gravatar.com\/avatar\/11b61a873982005b71877e8f66152759b5fdec2963abfad14c0e740b938ac0c9?s=96&d=mm&r=g","url":"https:\/\/secure.gravatar.com\/avatar\/11b61a873982005b71877e8f66152759b5fdec2963abfad14c0e740b938ac0c9?s=96&d=mm&r=g","contentUrl":"https:\/\/secure.gravatar.com\/avatar\/11b61a873982005b71877e8f66152759b5fdec2963abfad14c0e740b938ac0c9?s=96&d=mm&r=g","caption":"ANNA GEIST"},"sameAs":["http:\/\/horseholidaysfrance.com"]}]}},"_links":{"self":[{"href":"https:\/\/www.horseholidaysfrance.com\/en\/wp-json\/wp\/v2\/posts\/11541","targetHints":{"allow":["GET"]}}],"collection":[{"href":"https:\/\/www.horseholidaysfrance.com\/en\/wp-json\/wp\/v2\/posts"}],"about":[{"href":"https:\/\/www.horseholidaysfrance.com\/en\/wp-json\/wp\/v2\/types\/post"}],"author":[{"embeddable":true,"href":"https:\/\/www.horseholidaysfrance.com\/en\/wp-json\/wp\/v2\/users\/2"}],"replies":[{"embeddable":true,"href":"https:\/\/www.horseholidaysfrance.com\/en\/wp-json\/wp\/v2\/comments?post=11541"}],"version-history":[{"count":2,"href":"https:\/\/www.horseholidaysfrance.com\/en\/wp-json\/wp\/v2\/posts\/11541\/revisions"}],"predecessor-version":[{"id":26852,"href":"https:\/\/www.horseholidaysfrance.com\/en\/wp-json\/wp\/v2\/posts\/11541\/revisions\/26852"}],"wp:featuredmedia":[{"embeddable":true,"href":"https:\/\/www.horseholidaysfrance.com\/en\/wp-json\/wp\/v2\/media\/11548"}],"wp:attachment":[{"href":"https:\/\/www.horseholidaysfrance.com\/en\/wp-json\/wp\/v2\/media?parent=11541"}],"wp:term":[{"taxonomy":"category","embeddable":true,"href":"https:\/\/www.horseholidaysfrance.com\/en\/wp-json\/wp\/v2\/categories?post=11541"},{"taxonomy":"post_tag","embeddable":true,"href":"https:\/\/www.horseholidaysfrance.com\/en\/wp-json\/wp\/v2\/tags?post=11541"}],"curies":[{"name":"wp","href":"https:\/\/api.w.org\/{rel}","templated":true}]}}