{"id":28792,"date":"2024-03-12T09:09:54","date_gmt":"2024-03-12T09:09:54","guid":{"rendered":"https:\/\/www.horseholidaysfrance.com\/?p=28792"},"modified":"2024-03-12T09:09:54","modified_gmt":"2024-03-12T09:09:54","slug":"venez-feter-larrivee-du-printemps-a-cheval","status":"publish","type":"post","link":"https:\/\/www.horseholidaysfrance.com\/en\/venez-feter-larrivee-du-printemps-a-cheval\/","title":{"rendered":"Venez f\u00eater l\u2019arriv\u00e9e du printemps \u00e0 cheval !"},"content":{"rendered":"<p><span style=\"font-weight: 400;\">Les jours rallongent, le soleil se fait plus pr\u00e9sent, c\u2019est le moment id\u00e9al pour venir faire une <a href=\"https:\/\/www.horseholidaysfrance.com\/balade-cheval-a-maisons-laffitte\/\">balade \u00e0 cheval \u00e0 Maisons-Laffitte<\/a>. Dans un \u00e9crin de verdure, au c\u0153ur du parc pour les plus novices et en for\u00eat de St-Germain-en-Laye pour les cavaliers avec un peu plus d\u2019exp\u00e9rience, baladez-vous \u00e0 dos de cheval dans notre centre \u00e9questre.<\/span><\/p>\n<p><span style=\"font-weight: 400;\">Les temp\u00e9ratures remontent et le beau temps revient. C\u2019est le moment de booster votre moral et syst\u00e8me immunitaire en passant de bons moments en ext\u00e9rieur et en respirant le grand air frais.\u00a0<\/span><\/p>\n<p><span style=\"font-weight: 400;\">Le printemps est la saison id\u00e9ale pour se ressourcer avec la nature. Les bourgeons apparaissent, les oiseaux nous font \u00e9couter leurs merveilleux chants et tout est magique.<\/span><\/p>\n<p><span style=\"font-weight: 400;\">Rien de plus agr\u00e9able que d\u2019\u00eatre aux \u00e9curies, partager un bon moment avec son cheval avant et apr\u00e8s la balade au soleil dans la cour. Arr\u00eater le temps au gr\u00e9 d\u2019une promenade \u00e0 cheval et ne vivre et profiter que du moment pr\u00e9sent, celui pass\u00e9 sur le dos de votre monture qui vous fera profiter d\u2019un moment unique.<\/span><\/p>\n<p><span style=\"font-weight: 400;\">Nous vous offrirons un rafra\u00eechissement et une gourmandise \u00e0 la fin de votre balade, dans la cour de l\u2019\u00e9curie de notre <a href=\"https:\/\/www.horseholidaysfrance.com\/centre-equestre-maisons-laffitte\/\">centre \u00e9questre<\/a>, o\u00f9 vous pourrez continuer de voir votre cheval m\u00e2cher tranquillement un brin de foin ou se reposer, la t\u00eate sortie de son boxe, pour lui aussi profiter du soleil !\u00a0\u00a0<\/span><\/p>\n<p><span style=\"font-weight: 400;\">Mettez de la joie dans votre quotidien et profitez de ce regain d&#8217;\u00e9nergie pour d\u00e9couvrir l\u2019\u00e9quitation et notre bel environnement \u00e0 Maisons-Laffitte ou vivre une nouvelle exp\u00e9rience \u00e0 cheval pour les cavaliers qui montent de temps en temps ou r\u00e9guli\u00e8rement.<\/span><\/p>\n<p><span style=\"font-weight: 400;\">Nous vous attendons aux \u00e9curies \u00e0 Maisons-Laffitte, la cit\u00e9 du cheval, o\u00f9 nous avons une cavalerie adapt\u00e9e \u00e0 chacun et de belles balades au sein de petits groupes sympathiques.<\/span><\/p>\n<p><span style=\"font-weight: 400;\">\u00c0 bient\u00f4t ! <\/span><\/p>\n","protected":false},"excerpt":{"rendered":"<p>Les jours rallongent, le soleil se fait plus pr\u00e9sent, c\u2019est le moment id\u00e9al pour venir faire une balade \u00e0 cheval \u00e0 Maisons-Laffitte. Dans un \u00e9crin de verdure, au c\u0153ur du parc pour les plus novices et en for\u00eat de St-Germain-en-Laye pour les cavaliers avec un peu plus d\u2019exp\u00e9rience, baladez-vous \u00e0 dos de cheval dans notre [&hellip;]<\/p>\n","protected":false},"author":23,"featured_media":25383,"comment_status":"closed","ping_status":"closed","sticky":false,"template":"","format":"standard","meta":{"_acf_changed":false,"footnotes":""},"categories":[192,141,26],"tags":[],"class_list":["post-28792","post","type-post","status-publish","format-standard","has-post-thumbnail","hentry","category-actualites-fr","category-blog","category-promenade-decouverte"],"acf":[],"yoast_head":"<!-- This site is optimized with the Yoast SEO plugin v27.4 - https:\/\/yoast.com\/product\/yoast-seo-wordpress\/ -->\n<title>Venez f\u00eater l\u2019arriv\u00e9e du printemps \u00e0 cheval | Horse Holidays France<\/title>\n<meta name=\"description\" content=\"Nous vous attendons aux \u00e9curies \u00e0 Maisons-Laffitte, la cit\u00e9 du cheval, o\u00f9 nous avons une cavalerie adapt\u00e9e \u00e0 chacun et de belles balades !\" \/>\n<meta name=\"robots\" content=\"index, follow, max-snippet:-1, max-image-preview:large, max-video-preview:-1\" \/>\n<link rel=\"canonical\" href=\"https:\/\/www.horseholidaysfrance.com\/venez-feter-larrivee-du-printemps-a-cheval\/\" \/>\n<meta property=\"og:locale\" content=\"en_US\" \/>\n<meta property=\"og:type\" content=\"article\" \/>\n<meta property=\"og:title\" content=\"Venez f\u00eater l\u2019arriv\u00e9e du printemps \u00e0 cheval | Horse Holidays France\" \/>\n<meta property=\"og:description\" content=\"Nous vous attendons aux \u00e9curies \u00e0 Maisons-Laffitte, la cit\u00e9 du cheval, o\u00f9 nous avons une cavalerie adapt\u00e9e \u00e0 chacun et de belles balades !\" \/>\n<meta property=\"og:url\" content=\"https:\/\/www.horseholidaysfrance.com\/venez-feter-larrivee-du-printemps-a-cheval\/\" \/>\n<meta property=\"og:site_name\" content=\"Horse Holidays Createur de sejours equestres sur mesure\" \/>\n<meta property=\"article:publisher\" content=\"https:\/\/www.facebook.com\/horse.fr\/\" \/>\n<meta property=\"article:published_time\" content=\"2024-03-12T09:09:54+00:00\" \/>\n<meta property=\"og:image\" content=\"https:\/\/www.horseholidaysfrance.com\/wp-content\/uploads\/2023\/04\/Promenade-evolution.png\" \/>\n\t<meta property=\"og:image:width\" content=\"450\" \/>\n\t<meta property=\"og:image:height\" content=\"450\" \/>\n\t<meta property=\"og:image:type\" content=\"image\/png\" \/>\n<meta name=\"author\" content=\"axima Maxim\" \/>\n<meta name=\"twitter:card\" content=\"summary_large_image\" \/>\n<meta name=\"twitter:label1\" content=\"Written by\" \/>\n\t<meta name=\"twitter:data1\" content=\"axima Maxim\" \/>\n\t<meta name=\"twitter:label2\" content=\"Est. reading time\" \/>\n\t<meta name=\"twitter:data2\" content=\"2 minutes\" \/>\n<script type=\"application\/ld+json\" class=\"yoast-schema-graph\">{\"@context\":\"https:\\\/\\\/schema.org\",\"@graph\":[{\"@type\":\"Article\",\"@id\":\"https:\\\/\\\/www.horseholidaysfrance.com\\\/venez-feter-larrivee-du-printemps-a-cheval\\\/#article\",\"isPartOf\":{\"@id\":\"https:\\\/\\\/www.horseholidaysfrance.com\\\/venez-feter-larrivee-du-printemps-a-cheval\\\/\"},\"author\":{\"name\":\"axima Maxim\",\"@id\":\"https:\\\/\\\/www.horseholidaysfrance.com\\\/#\\\/schema\\\/person\\\/59ce19b87ef595c5675a061042841585\"},\"headline\":\"Venez f\u00eater l\u2019arriv\u00e9e du printemps \u00e0 cheval !\",\"datePublished\":\"2024-03-12T09:09:54+00:00\",\"mainEntityOfPage\":{\"@id\":\"https:\\\/\\\/www.horseholidaysfrance.com\\\/venez-feter-larrivee-du-printemps-a-cheval\\\/\"},\"wordCount\":327,\"publisher\":{\"@id\":\"https:\\\/\\\/www.horseholidaysfrance.com\\\/#organization\"},\"image\":{\"@id\":\"https:\\\/\\\/www.horseholidaysfrance.com\\\/venez-feter-larrivee-du-printemps-a-cheval\\\/#primaryimage\"},\"thumbnailUrl\":\"https:\\\/\\\/www.horseholidaysfrance.com\\\/wp-content\\\/uploads\\\/2023\\\/04\\\/Promenade-evolution.png\",\"articleSection\":[\"Actualit\u00e9s\",\"blog\",\"Promenade d\u00e9couverte\"],\"inLanguage\":\"en-US\"},{\"@type\":\"WebPage\",\"@id\":\"https:\\\/\\\/www.horseholidaysfrance.com\\\/venez-feter-larrivee-du-printemps-a-cheval\\\/\",\"url\":\"https:\\\/\\\/www.horseholidaysfrance.com\\\/venez-feter-larrivee-du-printemps-a-cheval\\\/\",\"name\":\"Venez f\u00eater l\u2019arriv\u00e9e du printemps \u00e0 cheval | Horse Holidays France\",\"isPartOf\":{\"@id\":\"https:\\\/\\\/www.horseholidaysfrance.com\\\/#website\"},\"primaryImageOfPage\":{\"@id\":\"https:\\\/\\\/www.horseholidaysfrance.com\\\/venez-feter-larrivee-du-printemps-a-cheval\\\/#primaryimage\"},\"image\":{\"@id\":\"https:\\\/\\\/www.horseholidaysfrance.com\\\/venez-feter-larrivee-du-printemps-a-cheval\\\/#primaryimage\"},\"thumbnailUrl\":\"https:\\\/\\\/www.horseholidaysfrance.com\\\/wp-content\\\/uploads\\\/2023\\\/04\\\/Promenade-evolution.png\",\"datePublished\":\"2024-03-12T09:09:54+00:00\",\"description\":\"Nous vous attendons aux \u00e9curies \u00e0 Maisons-Laffitte, la cit\u00e9 du cheval, o\u00f9 nous avons une cavalerie adapt\u00e9e \u00e0 chacun et de belles balades !\",\"breadcrumb\":{\"@id\":\"https:\\\/\\\/www.horseholidaysfrance.com\\\/venez-feter-larrivee-du-printemps-a-cheval\\\/#breadcrumb\"},\"inLanguage\":\"en-US\",\"potentialAction\":[{\"@type\":\"ReadAction\",\"target\":[\"https:\\\/\\\/www.horseholidaysfrance.com\\\/venez-feter-larrivee-du-printemps-a-cheval\\\/\"]}]},{\"@type\":\"ImageObject\",\"inLanguage\":\"en-US\",\"@id\":\"https:\\\/\\\/www.horseholidaysfrance.com\\\/venez-feter-larrivee-du-printemps-a-cheval\\\/#primaryimage\",\"url\":\"https:\\\/\\\/www.horseholidaysfrance.com\\\/wp-content\\\/uploads\\\/2023\\\/04\\\/Promenade-evolution.png\",\"contentUrl\":\"https:\\\/\\\/www.horseholidaysfrance.com\\\/wp-content\\\/uploads\\\/2023\\\/04\\\/Promenade-evolution.png\",\"width\":450,\"height\":450},{\"@type\":\"BreadcrumbList\",\"@id\":\"https:\\\/\\\/www.horseholidaysfrance.com\\\/venez-feter-larrivee-du-printemps-a-cheval\\\/#breadcrumb\",\"itemListElement\":[{\"@type\":\"ListItem\",\"position\":1,\"name\":\"Accueil\",\"item\":\"https:\\\/\\\/www.horseholidaysfrance.com\\\/en\\\/home-2-2-2\\\/\"},{\"@type\":\"ListItem\",\"position\":2,\"name\":\"Venez f\u00eater l\u2019arriv\u00e9e du printemps \u00e0 cheval !\"}]},{\"@type\":\"WebSite\",\"@id\":\"https:\\\/\\\/www.horseholidaysfrance.com\\\/#website\",\"url\":\"https:\\\/\\\/www.horseholidaysfrance.com\\\/\",\"name\":\"Horse Holidays Createur de sejours equestres sur mesure\",\"description\":\"Cr\u00e9ateur de s\u00e9jours \u00e9questres sur mesure\",\"publisher\":{\"@id\":\"https:\\\/\\\/www.horseholidaysfrance.com\\\/#organization\"},\"potentialAction\":[{\"@type\":\"SearchAction\",\"target\":{\"@type\":\"EntryPoint\",\"urlTemplate\":\"https:\\\/\\\/www.horseholidaysfrance.com\\\/?s={search_term_string}\"},\"query-input\":{\"@type\":\"PropertyValueSpecification\",\"valueRequired\":true,\"valueName\":\"search_term_string\"}}],\"inLanguage\":\"en-US\"},{\"@type\":\"Organization\",\"@id\":\"https:\\\/\\\/www.horseholidaysfrance.com\\\/#organization\",\"name\":\"Horse Holidays France\",\"url\":\"https:\\\/\\\/www.horseholidaysfrance.com\\\/\",\"logo\":{\"@type\":\"ImageObject\",\"inLanguage\":\"en-US\",\"@id\":\"https:\\\/\\\/www.horseholidaysfrance.com\\\/#\\\/schema\\\/logo\\\/image\\\/\",\"url\":\"https:\\\/\\\/www.horseholidaysfrance.com\\\/wp-content\\\/uploads\\\/2017\\\/01\\\/HHF-loga-fr.jpg\",\"contentUrl\":\"https:\\\/\\\/www.horseholidaysfrance.com\\\/wp-content\\\/uploads\\\/2017\\\/01\\\/HHF-loga-fr.jpg\",\"width\":524,\"height\":183,\"caption\":\"Horse Holidays France\"},\"image\":{\"@id\":\"https:\\\/\\\/www.horseholidaysfrance.com\\\/#\\\/schema\\\/logo\\\/image\\\/\"},\"sameAs\":[\"https:\\\/\\\/www.facebook.com\\\/horse.fr\\\/\",\"https:\\\/\\\/www.linkedin.com\\\/company\\\/horse-holidays-france?report_success=6vo3TCkCS1-Q3MQSXyAa5EmbyooXt_JHF4gI-SlS5O9Glwt8CaN1ZzdSFMOjqCEC4tgoZJl1pOO90MRDlW9NQp\"]},{\"@type\":\"Person\",\"@id\":\"https:\\\/\\\/www.horseholidaysfrance.com\\\/#\\\/schema\\\/person\\\/59ce19b87ef595c5675a061042841585\",\"name\":\"axima Maxim\",\"image\":{\"@type\":\"ImageObject\",\"inLanguage\":\"en-US\",\"@id\":\"https:\\\/\\\/secure.gravatar.com\\\/avatar\\\/5ec74dde1d9264e798be3e373415fd2b5eae1e08b6125ff37f5c6ef8ea76174e?s=96&d=mm&r=g\",\"url\":\"https:\\\/\\\/secure.gravatar.com\\\/avatar\\\/5ec74dde1d9264e798be3e373415fd2b5eae1e08b6125ff37f5c6ef8ea76174e?s=96&d=mm&r=g\",\"contentUrl\":\"https:\\\/\\\/secure.gravatar.com\\\/avatar\\\/5ec74dde1d9264e798be3e373415fd2b5eae1e08b6125ff37f5c6ef8ea76174e?s=96&d=mm&r=g\",\"caption\":\"axima Maxim\"}}]}<\/script>\n<!-- \/ Yoast SEO plugin. -->","yoast_head_json":{"title":"Venez f\u00eater l\u2019arriv\u00e9e du printemps \u00e0 cheval | Horse Holidays France","description":"Nous vous attendons aux \u00e9curies \u00e0 Maisons-Laffitte, la cit\u00e9 du cheval, o\u00f9 nous avons une cavalerie adapt\u00e9e \u00e0 chacun et de belles balades !","robots":{"index":"index","follow":"follow","max-snippet":"max-snippet:-1","max-image-preview":"max-image-preview:large","max-video-preview":"max-video-preview:-1"},"canonical":"https:\/\/www.horseholidaysfrance.com\/venez-feter-larrivee-du-printemps-a-cheval\/","og_locale":"en_US","og_type":"article","og_title":"Venez f\u00eater l\u2019arriv\u00e9e du printemps \u00e0 cheval | Horse Holidays France","og_description":"Nous vous attendons aux \u00e9curies \u00e0 Maisons-Laffitte, la cit\u00e9 du cheval, o\u00f9 nous avons une cavalerie adapt\u00e9e \u00e0 chacun et de belles balades !","og_url":"https:\/\/www.horseholidaysfrance.com\/venez-feter-larrivee-du-printemps-a-cheval\/","og_site_name":"Horse Holidays Createur de sejours equestres sur mesure","article_publisher":"https:\/\/www.facebook.com\/horse.fr\/","article_published_time":"2024-03-12T09:09:54+00:00","og_image":[{"width":450,"height":450,"url":"https:\/\/www.horseholidaysfrance.com\/wp-content\/uploads\/2023\/04\/Promenade-evolution.png","type":"image\/png"}],"author":"axima Maxim","twitter_card":"summary_large_image","twitter_misc":{"Written by":"axima Maxim","Est. reading time":"2 minutes"},"schema":{"@context":"https:\/\/schema.org","@graph":[{"@type":"Article","@id":"https:\/\/www.horseholidaysfrance.com\/venez-feter-larrivee-du-printemps-a-cheval\/#article","isPartOf":{"@id":"https:\/\/www.horseholidaysfrance.com\/venez-feter-larrivee-du-printemps-a-cheval\/"},"author":{"name":"axima Maxim","@id":"https:\/\/www.horseholidaysfrance.com\/#\/schema\/person\/59ce19b87ef595c5675a061042841585"},"headline":"Venez f\u00eater l\u2019arriv\u00e9e du printemps \u00e0 cheval !","datePublished":"2024-03-12T09:09:54+00:00","mainEntityOfPage":{"@id":"https:\/\/www.horseholidaysfrance.com\/venez-feter-larrivee-du-printemps-a-cheval\/"},"wordCount":327,"publisher":{"@id":"https:\/\/www.horseholidaysfrance.com\/#organization"},"image":{"@id":"https:\/\/www.horseholidaysfrance.com\/venez-feter-larrivee-du-printemps-a-cheval\/#primaryimage"},"thumbnailUrl":"https:\/\/www.horseholidaysfrance.com\/wp-content\/uploads\/2023\/04\/Promenade-evolution.png","articleSection":["Actualit\u00e9s","blog","Promenade d\u00e9couverte"],"inLanguage":"en-US"},{"@type":"WebPage","@id":"https:\/\/www.horseholidaysfrance.com\/venez-feter-larrivee-du-printemps-a-cheval\/","url":"https:\/\/www.horseholidaysfrance.com\/venez-feter-larrivee-du-printemps-a-cheval\/","name":"Venez f\u00eater l\u2019arriv\u00e9e du printemps \u00e0 cheval | Horse Holidays France","isPartOf":{"@id":"https:\/\/www.horseholidaysfrance.com\/#website"},"primaryImageOfPage":{"@id":"https:\/\/www.horseholidaysfrance.com\/venez-feter-larrivee-du-printemps-a-cheval\/#primaryimage"},"image":{"@id":"https:\/\/www.horseholidaysfrance.com\/venez-feter-larrivee-du-printemps-a-cheval\/#primaryimage"},"thumbnailUrl":"https:\/\/www.horseholidaysfrance.com\/wp-content\/uploads\/2023\/04\/Promenade-evolution.png","datePublished":"2024-03-12T09:09:54+00:00","description":"Nous vous attendons aux \u00e9curies \u00e0 Maisons-Laffitte, la cit\u00e9 du cheval, o\u00f9 nous avons une cavalerie adapt\u00e9e \u00e0 chacun et de belles balades !","breadcrumb":{"@id":"https:\/\/www.horseholidaysfrance.com\/venez-feter-larrivee-du-printemps-a-cheval\/#breadcrumb"},"inLanguage":"en-US","potentialAction":[{"@type":"ReadAction","target":["https:\/\/www.horseholidaysfrance.com\/venez-feter-larrivee-du-printemps-a-cheval\/"]}]},{"@type":"ImageObject","inLanguage":"en-US","@id":"https:\/\/www.horseholidaysfrance.com\/venez-feter-larrivee-du-printemps-a-cheval\/#primaryimage","url":"https:\/\/www.horseholidaysfrance.com\/wp-content\/uploads\/2023\/04\/Promenade-evolution.png","contentUrl":"https:\/\/www.horseholidaysfrance.com\/wp-content\/uploads\/2023\/04\/Promenade-evolution.png","width":450,"height":450},{"@type":"BreadcrumbList","@id":"https:\/\/www.horseholidaysfrance.com\/venez-feter-larrivee-du-printemps-a-cheval\/#breadcrumb","itemListElement":[{"@type":"ListItem","position":1,"name":"Accueil","item":"https:\/\/www.horseholidaysfrance.com\/en\/home-2-2-2\/"},{"@type":"ListItem","position":2,"name":"Venez f\u00eater l\u2019arriv\u00e9e du printemps \u00e0 cheval !"}]},{"@type":"WebSite","@id":"https:\/\/www.horseholidaysfrance.com\/#website","url":"https:\/\/www.horseholidaysfrance.com\/","name":"Horse Holidays Createur de sejours equestres sur mesure","description":"Cr\u00e9ateur de s\u00e9jours \u00e9questres sur mesure","publisher":{"@id":"https:\/\/www.horseholidaysfrance.com\/#organization"},"potentialAction":[{"@type":"SearchAction","target":{"@type":"EntryPoint","urlTemplate":"https:\/\/www.horseholidaysfrance.com\/?s={search_term_string}"},"query-input":{"@type":"PropertyValueSpecification","valueRequired":true,"valueName":"search_term_string"}}],"inLanguage":"en-US"},{"@type":"Organization","@id":"https:\/\/www.horseholidaysfrance.com\/#organization","name":"Horse Holidays France","url":"https:\/\/www.horseholidaysfrance.com\/","logo":{"@type":"ImageObject","inLanguage":"en-US","@id":"https:\/\/www.horseholidaysfrance.com\/#\/schema\/logo\/image\/","url":"https:\/\/www.horseholidaysfrance.com\/wp-content\/uploads\/2017\/01\/HHF-loga-fr.jpg","contentUrl":"https:\/\/www.horseholidaysfrance.com\/wp-content\/uploads\/2017\/01\/HHF-loga-fr.jpg","width":524,"height":183,"caption":"Horse Holidays France"},"image":{"@id":"https:\/\/www.horseholidaysfrance.com\/#\/schema\/logo\/image\/"},"sameAs":["https:\/\/www.facebook.com\/horse.fr\/","https:\/\/www.linkedin.com\/company\/horse-holidays-france?report_success=6vo3TCkCS1-Q3MQSXyAa5EmbyooXt_JHF4gI-SlS5O9Glwt8CaN1ZzdSFMOjqCEC4tgoZJl1pOO90MRDlW9NQp"]},{"@type":"Person","@id":"https:\/\/www.horseholidaysfrance.com\/#\/schema\/person\/59ce19b87ef595c5675a061042841585","name":"axima Maxim","image":{"@type":"ImageObject","inLanguage":"en-US","@id":"https:\/\/secure.gravatar.com\/avatar\/5ec74dde1d9264e798be3e373415fd2b5eae1e08b6125ff37f5c6ef8ea76174e?s=96&d=mm&r=g","url":"https:\/\/secure.gravatar.com\/avatar\/5ec74dde1d9264e798be3e373415fd2b5eae1e08b6125ff37f5c6ef8ea76174e?s=96&d=mm&r=g","contentUrl":"https:\/\/secure.gravatar.com\/avatar\/5ec74dde1d9264e798be3e373415fd2b5eae1e08b6125ff37f5c6ef8ea76174e?s=96&d=mm&r=g","caption":"axima Maxim"}}]}},"_links":{"self":[{"href":"https:\/\/www.horseholidaysfrance.com\/en\/wp-json\/wp\/v2\/posts\/28792","targetHints":{"allow":["GET"]}}],"collection":[{"href":"https:\/\/www.horseholidaysfrance.com\/en\/wp-json\/wp\/v2\/posts"}],"about":[{"href":"https:\/\/www.horseholidaysfrance.com\/en\/wp-json\/wp\/v2\/types\/post"}],"author":[{"embeddable":true,"href":"https:\/\/www.horseholidaysfrance.com\/en\/wp-json\/wp\/v2\/users\/23"}],"replies":[{"embeddable":true,"href":"https:\/\/www.horseholidaysfrance.com\/en\/wp-json\/wp\/v2\/comments?post=28792"}],"version-history":[{"count":2,"href":"https:\/\/www.horseholidaysfrance.com\/en\/wp-json\/wp\/v2\/posts\/28792\/revisions"}],"predecessor-version":[{"id":28794,"href":"https:\/\/www.horseholidaysfrance.com\/en\/wp-json\/wp\/v2\/posts\/28792\/revisions\/28794"}],"wp:featuredmedia":[{"embeddable":true,"href":"https:\/\/www.horseholidaysfrance.com\/en\/wp-json\/wp\/v2\/media\/25383"}],"wp:attachment":[{"href":"https:\/\/www.horseholidaysfrance.com\/en\/wp-json\/wp\/v2\/media?parent=28792"}],"wp:term":[{"taxonomy":"category","embeddable":true,"href":"https:\/\/www.horseholidaysfrance.com\/en\/wp-json\/wp\/v2\/categories?post=28792"},{"taxonomy":"post_tag","embeddable":true,"href":"https:\/\/www.horseholidaysfrance.com\/en\/wp-json\/wp\/v2\/tags?post=28792"}],"curies":[{"name":"wp","href":"https:\/\/api.w.org\/{rel}","templated":true}]}}